{"id":8856,"date":"2026-04-20T12:40:50","date_gmt":"2026-04-20T10:40:50","guid":{"rendered":"https:\/\/sp-popowice.starysacz.edu.pl\/?p=8856"},"modified":"2026-04-20T12:40:50","modified_gmt":"2026-04-20T10:40:50","slug":"polecieli-do-korei-poludniowej","status":"publish","type":"post","link":"https:\/\/sp-popowice.starysacz.edu.pl\/index.php\/2026\/04\/20\/polecieli-do-korei-poludniowej\/","title":{"rendered":"Polecieli do Korei Po\u0142udniowej!!"},"content":{"rendered":"<p>W poniedzia\u0142ek 20 kwietnia\u00a0 br. nasz\u0105 szko\u0142\u0119 odwiedzi\u0142 podr\u00f3\u017cnik z firmy trzask.pl, kt\u00f3ry odpowiedzia\u0142 nam o Korei Po\u0142udniowej. Swoj\u0105 opowie\u015b\u0107 ubogaci\u0142 zdj\u0119ciami, rzeczami z ciekawych miejsc. Ten teren odwiedzi\u0142 wraz z kolegami.<\/p>\n<p>&nbsp;<\/p>\n<div id='gallery-1' class='gallery galleryid-8856 gallery-columns-3 gallery-size-thumbnail'><figure class='gallery-item'>\n\t\t\t<div class='gallery-icon landscape'>\n\t\t\t\t<a href='https:\/\/sp-popowice.starysacz.edu.pl\/index.php\/2026\/04\/20\/polecieli-do-korei-poludniowej\/c0f0a68a-d248-4cfd-81ab-ba678d9957f4\/'><img loading=\"lazy\" decoding=\"async\" width=\"150\" height=\"150\" src=\"https:\/\/sp-popowice.starysacz.edu.pl\/wp-content\/uploads\/2026\/04\/c0f0a68a-d248-4cfd-81ab-ba678d9957f4-150x150.jpg\" class=\"attachment-thumbnail size-thumbnail\" alt=\"\" \/><\/a>\n\t\t\t<\/div><\/figure><figure class='gallery-item'>\n\t\t\t<div class='gallery-icon landscape'>\n\t\t\t\t<a href='https:\/\/sp-popowice.starysacz.edu.pl\/index.php\/2026\/04\/20\/polecieli-do-korei-poludniowej\/48256cf1-302c-4e70-bda6-4779b53bab33\/'><img loading=\"lazy\" decoding=\"async\" width=\"150\" height=\"150\" src=\"https:\/\/sp-popowice.starysacz.edu.pl\/wp-content\/uploads\/2026\/04\/48256cf1-302c-4e70-bda6-4779b53bab33-150x150.jpg\" class=\"attachment-thumbnail size-thumbnail\" alt=\"\" \/><\/a>\n\t\t\t<\/div><\/figure>\n\t\t<\/div>\n\n","protected":false},"excerpt":{"rendered":"<p>W poniedzia\u0142ek 20 kwietnia\u00a0 br. nasz\u0105 szko\u0142\u0119 odwiedzi\u0142 podr\u00f3\u017cnik z firmy trzask.pl, kt\u00f3ry odpowiedzia\u0142 nam o Korei Po\u0142udniowej. Swoj\u0105 opowie\u015b\u0107 ubogaci\u0142 zdj\u0119ciami, rzeczami z ciekawych miejsc. Ten teren odwiedzi\u0142 wraz z kolegami. &nbsp;<\/p>\n","protected":false},"author":6,"featured_media":8857,"comment_status":"closed","ping_status":"closed","sticky":false,"template":"","format":"standard","meta":{"footnotes":""},"categories":[1],"tags":[],"_links":{"self":[{"href":"https:\/\/sp-popowice.starysacz.edu.pl\/index.php\/wp-json\/wp\/v2\/posts\/8856"}],"collection":[{"href":"https:\/\/sp-popowice.starysacz.edu.pl\/index.php\/wp-json\/wp\/v2\/posts"}],"about":[{"href":"https:\/\/sp-popowice.starysacz.edu.pl\/index.php\/wp-json\/wp\/v2\/types\/post"}],"author":[{"embeddable":true,"href":"https:\/\/sp-popowice.starysacz.edu.pl\/index.php\/wp-json\/wp\/v2\/users\/6"}],"replies":[{"embeddable":true,"href":"https:\/\/sp-popowice.starysacz.edu.pl\/index.php\/wp-json\/wp\/v2\/comments?post=8856"}],"version-history":[{"count":1,"href":"https:\/\/sp-popowice.starysacz.edu.pl\/index.php\/wp-json\/wp\/v2\/posts\/8856\/revisions"}],"predecessor-version":[{"id":8860,"href":"https:\/\/sp-popowice.starysacz.edu.pl\/index.php\/wp-json\/wp\/v2\/posts\/8856\/revisions\/8860"}],"wp:featuredmedia":[{"embeddable":true,"href":"https:\/\/sp-popowice.starysacz.edu.pl\/index.php\/wp-json\/wp\/v2\/media\/8857"}],"wp:attachment":[{"href":"https:\/\/sp-popowice.starysacz.edu.pl\/index.php\/wp-json\/wp\/v2\/media?parent=8856"}],"wp:term":[{"taxonomy":"category","embeddable":true,"href":"https:\/\/sp-popowice.starysacz.edu.pl\/index.php\/wp-json\/wp\/v2\/categories?post=8856"},{"taxonomy":"post_tag","embeddable":true,"href":"https:\/\/sp-popowice.starysacz.edu.pl\/index.php\/wp-json\/wp\/v2\/tags?post=8856"}],"curies":[{"name":"wp","href":"https:\/\/api.w.org\/{rel}","templated":true}]}}