{"id":8839,"date":"2026-04-07T10:36:16","date_gmt":"2026-04-07T08:36:16","guid":{"rendered":"https:\/\/sp-popowice.starysacz.edu.pl\/?p=8839"},"modified":"2026-04-07T10:36:16","modified_gmt":"2026-04-07T08:36:16","slug":"poranek-wielkanocny-6","status":"publish","type":"post","link":"https:\/\/sp-popowice.starysacz.edu.pl\/index.php\/2026\/04\/07\/poranek-wielkanocny-6\/","title":{"rendered":"PORANEK WIELKANOCNY"},"content":{"rendered":"<p>31 marca w naszej szkole odby\u0142 si\u0119 Poranek Wielkanocny. Klasa 2 wraz z wychowawc\u0105, przedstawili wielkanocn\u0105 inscenizacj\u0119 okraszon\u0105 wielkanocnymi piosenkami. Niech te \u015bwi\u0119ta b\u0119d\u0105 pe\u0142ne nadziei i wiary, radosnych spotka\u0144 przy wielkanocnym stole. Po akademii ca\u0142a spo\u0142eczno\u015b\u0107 szkolna od\u015bpiewa\u0142a Pani Dyrektor STO LAT. Ot\u00f3\u017c nasza Pani Dyrektor w \u015awi\u0119ta Wielkanocne obchodzi swoje imieniny. Uczniowie, nauczyciele, Rada Rodzic\u00f3w, Samorz\u0105d Uczniowski \u00a0z\u0142o\u017cyli Szanownej Solenizantce serdeczne \u017cyczenia. Pani Dyrektor wzruszona podzi\u0119kowa\u0142a wszystkim za pami\u0119\u0107.<\/p>\n<p>&nbsp;<\/p>\n","protected":false},"excerpt":{"rendered":"<p>31 marca w naszej szkole odby\u0142 si\u0119 Poranek Wielkanocny. Klasa 2 wraz z wychowawc\u0105, przedstawili wielkanocn\u0105 inscenizacj\u0119 okraszon\u0105 wielkanocnymi piosenkami. Niech te \u015bwi\u0119ta b\u0119d\u0105 pe\u0142ne nadziei i wiary, radosnych spotka\u0144 przy wielkanocnym stole. Po akademii ca\u0142a spo\u0142eczno\u015b\u0107 szkolna od\u015bpiewa\u0142a Pani <a href=\"https:\/\/sp-popowice.starysacz.edu.pl\/index.php\/2026\/04\/07\/poranek-wielkanocny-6\/\" class=\"read-more\">Czytaj wi\u0119cej!<\/a><\/p>\n","protected":false},"author":6,"featured_media":8840,"comment_status":"closed","ping_status":"closed","sticky":false,"template":"","format":"standard","meta":{"footnotes":""},"categories":[1],"tags":[],"_links":{"self":[{"href":"https:\/\/sp-popowice.starysacz.edu.pl\/index.php\/wp-json\/wp\/v2\/posts\/8839"}],"collection":[{"href":"https:\/\/sp-popowice.starysacz.edu.pl\/index.php\/wp-json\/wp\/v2\/posts"}],"about":[{"href":"https:\/\/sp-popowice.starysacz.edu.pl\/index.php\/wp-json\/wp\/v2\/types\/post"}],"author":[{"embeddable":true,"href":"https:\/\/sp-popowice.starysacz.edu.pl\/index.php\/wp-json\/wp\/v2\/users\/6"}],"replies":[{"embeddable":true,"href":"https:\/\/sp-popowice.starysacz.edu.pl\/index.php\/wp-json\/wp\/v2\/comments?post=8839"}],"version-history":[{"count":1,"href":"https:\/\/sp-popowice.starysacz.edu.pl\/index.php\/wp-json\/wp\/v2\/posts\/8839\/revisions"}],"predecessor-version":[{"id":8841,"href":"https:\/\/sp-popowice.starysacz.edu.pl\/index.php\/wp-json\/wp\/v2\/posts\/8839\/revisions\/8841"}],"wp:featuredmedia":[{"embeddable":true,"href":"https:\/\/sp-popowice.starysacz.edu.pl\/index.php\/wp-json\/wp\/v2\/media\/8840"}],"wp:attachment":[{"href":"https:\/\/sp-popowice.starysacz.edu.pl\/index.php\/wp-json\/wp\/v2\/media?parent=8839"}],"wp:term":[{"taxonomy":"category","embeddable":true,"href":"https:\/\/sp-popowice.starysacz.edu.pl\/index.php\/wp-json\/wp\/v2\/categories?post=8839"},{"taxonomy":"post_tag","embeddable":true,"href":"https:\/\/sp-popowice.starysacz.edu.pl\/index.php\/wp-json\/wp\/v2\/tags?post=8839"}],"curies":[{"name":"wp","href":"https:\/\/api.w.org\/{rel}","templated":true}]}}