{"id":8826,"date":"2026-04-01T20:58:56","date_gmt":"2026-04-01T18:58:56","guid":{"rendered":"https:\/\/sp-popowice.starysacz.edu.pl\/?p=8826"},"modified":"2026-04-01T20:58:56","modified_gmt":"2026-04-01T18:58:56","slug":"dzien-bez-plecaka-w-naszej-szkole","status":"publish","type":"post","link":"https:\/\/sp-popowice.starysacz.edu.pl\/index.php\/2026\/04\/01\/dzien-bez-plecaka-w-naszej-szkole\/","title":{"rendered":"DZIE\u0143 BEZ PLECAKA W NASZEJ SZKOLE"},"content":{"rendered":"<p>Kreatywno\u015b\u0107 nie zna granic! Dzie\u0144 Bez Plecaka w naszej szkole<\/p>\n<p>Dzisiejszy dzie\u0144 w naszej szkole wygl\u0105da\u0142 zupe\u0142nie inaczej ni\u017c zwykle. Wszystko za spraw\u0105\u00a0Dnia Bez Plecaka\u00a0(ang.\u00a0No Backpack Day), zorganizowanego z inicjatywy\u00a0Samorz\u0105du Uczniowskiego. Zasada by\u0142a prosta: przynie\u015b\u0107 wszystkie potrzebne przybory i podr\u0119czniki, ale\u2026 nie u\u017cywa\u0107 do tego tradycyjnego plecaka. Nasi uczniowie po raz kolejny udowodnili, \u017ce ich wyobra\u017ania nie ma limit\u00f3w! Na korytarzach mo\u017cna by\u0142o spotka\u0107 osoby z\u00a0w\u00f3zkami, r\u00f3\u017cnymi pojazdami, poszewkami na poduszki, garnkami, a nawet kosiark\u0105 do trawy. Cho\u0107 akcja dostarczy\u0142a nam mn\u00f3stwo u\u015bmiechu, warto pami\u0119ta\u0107 o jej g\u0142\u0119bszym przekazie. Dzie\u0144 Bez Plecaka ma na celu zwi\u0119kszenie \u015bwiadomo\u015bci na temat trudnej sytuacji milion\u00f3w dzieci na ca\u0142ym \u015bwiecie, kt\u00f3re musz\u0105 nosi\u0107 przybory szkolne w r\u0119kach, bo nie sta\u0107 ich na plecak. Dzi\u0119kujemy wszystkim za wsp\u00f3ln\u0105 zabaw\u0119 i ogromne zaanga\u017cowanie. Gratulujemy pomys\u0142owo\u015bci!<\/p>\n<p>Samorz\u0105d Uczniowski<\/p>\n<div id='gallery-1' class='gallery galleryid-8826 gallery-columns-3 gallery-size-thumbnail'><figure class='gallery-item'>\n\t\t\t<div class='gallery-icon landscape'>\n\t\t\t\t<a href='https:\/\/sp-popowice.starysacz.edu.pl\/index.php\/2026\/04\/01\/dzien-bez-plecaka-w-naszej-szkole\/9c185d41-1078-4392-95dc-c72922466eb9\/'><img loading=\"lazy\" decoding=\"async\" width=\"150\" height=\"150\" src=\"https:\/\/sp-popowice.starysacz.edu.pl\/wp-content\/uploads\/2026\/04\/9c185d41-1078-4392-95dc-c72922466eb9-150x150.jpg\" class=\"attachment-thumbnail size-thumbnail\" alt=\"\" \/><\/a>\n\t\t\t<\/div><\/figure><figure class='gallery-item'>\n\t\t\t<div class='gallery-icon landscape'>\n\t\t\t\t<a href='https:\/\/sp-popowice.starysacz.edu.pl\/index.php\/2026\/04\/01\/dzien-bez-plecaka-w-naszej-szkole\/858c52f9-4320-4741-b043-7fd0edb6e921\/'><img loading=\"lazy\" decoding=\"async\" width=\"150\" height=\"150\" src=\"https:\/\/sp-popowice.starysacz.edu.pl\/wp-content\/uploads\/2026\/04\/858c52f9-4320-4741-b043-7fd0edb6e921-150x150.jpg\" class=\"attachment-thumbnail size-thumbnail\" alt=\"\" \/><\/a>\n\t\t\t<\/div><\/figure><figure class='gallery-item'>\n\t\t\t<div class='gallery-icon portrait'>\n\t\t\t\t<a href='https:\/\/sp-popowice.starysacz.edu.pl\/index.php\/2026\/04\/01\/dzien-bez-plecaka-w-naszej-szkole\/92690bec-ac93-4e88-806e-91846ea6e956-1\/'><img loading=\"lazy\" decoding=\"async\" width=\"150\" height=\"150\" src=\"https:\/\/sp-popowice.starysacz.edu.pl\/wp-content\/uploads\/2026\/04\/92690bec-ac93-4e88-806e-91846ea6e956-1-150x150.jpg\" class=\"attachment-thumbnail size-thumbnail\" alt=\"\" \/><\/a>\n\t\t\t<\/div><\/figure><figure class='gallery-item'>\n\t\t\t<div class='gallery-icon landscape'>\n\t\t\t\t<a href='https:\/\/sp-popowice.starysacz.edu.pl\/index.php\/2026\/04\/01\/dzien-bez-plecaka-w-naszej-szkole\/ecf5a4df-c749-46bb-bc88-6f76549e2ee1\/'><img loading=\"lazy\" decoding=\"async\" width=\"150\" height=\"150\" src=\"https:\/\/sp-popowice.starysacz.edu.pl\/wp-content\/uploads\/2026\/04\/ecf5a4df-c749-46bb-bc88-6f76549e2ee1-150x150.jpg\" class=\"attachment-thumbnail size-thumbnail\" alt=\"\" \/><\/a>\n\t\t\t<\/div><\/figure><figure class='gallery-item'>\n\t\t\t<div class='gallery-icon landscape'>\n\t\t\t\t<a href='https:\/\/sp-popowice.starysacz.edu.pl\/index.php\/2026\/04\/01\/dzien-bez-plecaka-w-naszej-szkole\/37c0b78a-2a78-41d1-8a1e-c2785d3e4284\/'><img loading=\"lazy\" decoding=\"async\" width=\"150\" height=\"150\" src=\"https:\/\/sp-popowice.starysacz.edu.pl\/wp-content\/uploads\/2026\/04\/37c0b78a-2a78-41d1-8a1e-c2785d3e4284-150x150.jpg\" class=\"attachment-thumbnail size-thumbnail\" alt=\"\" \/><\/a>\n\t\t\t<\/div><\/figure><figure class='gallery-item'>\n\t\t\t<div class='gallery-icon landscape'>\n\t\t\t\t<a href='https:\/\/sp-popowice.starysacz.edu.pl\/index.php\/2026\/04\/01\/dzien-bez-plecaka-w-naszej-szkole\/d6ef41a6-f71d-40ce-83a6-5e0c06c29c5b\/'><img loading=\"lazy\" decoding=\"async\" width=\"150\" height=\"150\" src=\"https:\/\/sp-popowice.starysacz.edu.pl\/wp-content\/uploads\/2026\/04\/d6ef41a6-f71d-40ce-83a6-5e0c06c29c5b-150x150.jpg\" class=\"attachment-thumbnail size-thumbnail\" alt=\"\" \/><\/a>\n\t\t\t<\/div><\/figure><figure class='gallery-item'>\n\t\t\t<div class='gallery-icon landscape'>\n\t\t\t\t<a href='https:\/\/sp-popowice.starysacz.edu.pl\/index.php\/2026\/04\/01\/dzien-bez-plecaka-w-naszej-szkole\/8047cb86-b394-4e43-99af-6c7488d3f2a5-1\/'><img loading=\"lazy\" decoding=\"async\" width=\"150\" height=\"150\" src=\"https:\/\/sp-popowice.starysacz.edu.pl\/wp-content\/uploads\/2026\/04\/8047cb86-b394-4e43-99af-6c7488d3f2a5-1-150x150.jpg\" class=\"attachment-thumbnail size-thumbnail\" alt=\"\" \/><\/a>\n\t\t\t<\/div><\/figure><figure class='gallery-item'>\n\t\t\t<div class='gallery-icon landscape'>\n\t\t\t\t<a href='https:\/\/sp-popowice.starysacz.edu.pl\/index.php\/2026\/04\/01\/dzien-bez-plecaka-w-naszej-szkole\/6c993e65-75e4-4322-81e9-54108fbea78e\/'><img loading=\"lazy\" decoding=\"async\" width=\"150\" height=\"150\" src=\"https:\/\/sp-popowice.starysacz.edu.pl\/wp-content\/uploads\/2026\/04\/6c993e65-75e4-4322-81e9-54108fbea78e-150x150.jpg\" class=\"attachment-thumbnail size-thumbnail\" alt=\"\" \/><\/a>\n\t\t\t<\/div><\/figure><figure class='gallery-item'>\n\t\t\t<div class='gallery-icon landscape'>\n\t\t\t\t<a href='https:\/\/sp-popowice.starysacz.edu.pl\/index.php\/2026\/04\/01\/dzien-bez-plecaka-w-naszej-szkole\/d8e1bf1b-cdfb-49ac-a35b-7592e5d1c894\/'><img loading=\"lazy\" decoding=\"async\" width=\"150\" height=\"150\" src=\"https:\/\/sp-popowice.starysacz.edu.pl\/wp-content\/uploads\/2026\/04\/d8e1bf1b-cdfb-49ac-a35b-7592e5d1c894-150x150.jpg\" class=\"attachment-thumbnail size-thumbnail\" alt=\"\" \/><\/a>\n\t\t\t<\/div><\/figure><figure class='gallery-item'>\n\t\t\t<div class='gallery-icon landscape'>\n\t\t\t\t<a href='https:\/\/sp-popowice.starysacz.edu.pl\/index.php\/2026\/04\/01\/dzien-bez-plecaka-w-naszej-szkole\/d30267ff-339f-4678-b9b9-ff1b3508dcce\/'><img loading=\"lazy\" decoding=\"async\" width=\"150\" height=\"150\" src=\"https:\/\/sp-popowice.starysacz.edu.pl\/wp-content\/uploads\/2026\/04\/d30267ff-339f-4678-b9b9-ff1b3508dcce-150x150.jpg\" class=\"attachment-thumbnail size-thumbnail\" alt=\"\" \/><\/a>\n\t\t\t<\/div><\/figure>\n\t\t<\/div>\n\n","protected":false},"excerpt":{"rendered":"<p>Kreatywno\u015b\u0107 nie zna granic! Dzie\u0144 Bez Plecaka w naszej szkole Dzisiejszy dzie\u0144 w naszej szkole wygl\u0105da\u0142 zupe\u0142nie inaczej ni\u017c zwykle. Wszystko za spraw\u0105\u00a0Dnia Bez Plecaka\u00a0(ang.\u00a0No Backpack Day), zorganizowanego z inicjatywy\u00a0Samorz\u0105du Uczniowskiego. Zasada by\u0142a prosta: przynie\u015b\u0107 wszystkie potrzebne przybory i podr\u0119czniki, <a href=\"https:\/\/sp-popowice.starysacz.edu.pl\/index.php\/2026\/04\/01\/dzien-bez-plecaka-w-naszej-szkole\/\" class=\"read-more\">Czytaj wi\u0119cej!<\/a><\/p>\n","protected":false},"author":6,"featured_media":8827,"comment_status":"closed","ping_status":"closed","sticky":false,"template":"","format":"standard","meta":{"footnotes":""},"categories":[1],"tags":[],"_links":{"self":[{"href":"https:\/\/sp-popowice.starysacz.edu.pl\/index.php\/wp-json\/wp\/v2\/posts\/8826"}],"collection":[{"href":"https:\/\/sp-popowice.starysacz.edu.pl\/index.php\/wp-json\/wp\/v2\/posts"}],"about":[{"href":"https:\/\/sp-popowice.starysacz.edu.pl\/index.php\/wp-json\/wp\/v2\/types\/post"}],"author":[{"embeddable":true,"href":"https:\/\/sp-popowice.starysacz.edu.pl\/index.php\/wp-json\/wp\/v2\/users\/6"}],"replies":[{"embeddable":true,"href":"https:\/\/sp-popowice.starysacz.edu.pl\/index.php\/wp-json\/wp\/v2\/comments?post=8826"}],"version-history":[{"count":1,"href":"https:\/\/sp-popowice.starysacz.edu.pl\/index.php\/wp-json\/wp\/v2\/posts\/8826\/revisions"}],"predecessor-version":[{"id":8838,"href":"https:\/\/sp-popowice.starysacz.edu.pl\/index.php\/wp-json\/wp\/v2\/posts\/8826\/revisions\/8838"}],"wp:featuredmedia":[{"embeddable":true,"href":"https:\/\/sp-popowice.starysacz.edu.pl\/index.php\/wp-json\/wp\/v2\/media\/8827"}],"wp:attachment":[{"href":"https:\/\/sp-popowice.starysacz.edu.pl\/index.php\/wp-json\/wp\/v2\/media?parent=8826"}],"wp:term":[{"taxonomy":"category","embeddable":true,"href":"https:\/\/sp-popowice.starysacz.edu.pl\/index.php\/wp-json\/wp\/v2\/categories?post=8826"},{"taxonomy":"post_tag","embeddable":true,"href":"https:\/\/sp-popowice.starysacz.edu.pl\/index.php\/wp-json\/wp\/v2\/tags?post=8826"}],"curies":[{"name":"wp","href":"https:\/\/api.w.org\/{rel}","templated":true}]}}